{"id":951,"date":"2025-12-16T08:24:52","date_gmt":"2025-12-16T08:24:52","guid":{"rendered":"https:\/\/impuls-akademie.org\/?p=951"},"modified":"2026-04-10T18:31:28","modified_gmt":"2026-04-10T18:31:28","slug":"infos","status":"publish","type":"post","link":"https:\/\/impuls-akademie.org\/en\/infos\/","title":{"rendered":"Infos"},"content":{"rendered":"<h3 class=\"wp-block-heading\">Date<\/h3>\n\n\n\n<p><strong>Sonntag 12. bis Freitag 17. April 2026.<\/strong><br>Bitte nehmt euch alle 6 Tage <em>jeweils ganzen Tag<\/em> Zeit. Die Akademie umfasst ein <strong>Ganztagesprogramm<\/strong>, das impliziert, dass alle Teilnehmenden von 12. bis 17. April vor Ort sind und die Woche gemeinsam verbringen. Die Anreise sollte am 12. vormittags erfolgen oder f\u00fcr alle mit weiterer Anfahrt schon am 11. April.<\/p>\n\n\n\n<h3 class=\"wp-block-heading\">Location<\/h3>\n\n\n\n<p>Die Akademie findet in <strong>Hinterbr\u00fchl (bei M\u00f6dling) in Nieder\u00f6sterreich<\/strong> seminar house in Lower Austria.<\/p>\n\n\n\n<p>Vor Ort haben wir nicht nur Seminarr\u00e4ume und Schlafm\u00f6glichkeiten, sondern auch gro\u00dfz\u00fcgige Freibereiche, mit Lagerfeuerstelle, Spielen und Sportger\u00e4ten, einen nahen Bach und Wald. Au\u00dferdem werden wir direkt vor Ort bekocht.<\/p>\n\n\n\n<h3 class=\"wp-block-heading\">Getting There<\/h3>\n\n\n\n<p>Die \u00f6ffentliche Anreise ist per Bus (ab M\u00f6dling Bahnhof) und einem anschlie\u00dfenden Fu\u00dfweg von ca. 20 Minuten m\u00f6glich. <\/p>\n\n\n\n<p>Wir werden ein Shuttle f\u00fcr jene organisieren, f\u00fcr die dieser Weg nicht machbar ist. Bitte kontaktiere uns in dem Fall rechtzeitig!<\/p>\n\n\n\n<p>Die Fahrtkosten sind nicht Teil der Kursgeb\u00fchr und m\u00fcssen selbst bezahlt werden. Falls sie f\u00fcr dich gerade ein Hindernis darstellen, kontaktiere uns bitte im Vorfeld.<\/p>\n\n\n\n<h3 class=\"wp-block-heading\">Accommodation and Meals<\/h3>\n\n\n\n<p>\u00dcbernachtung und veganes Essen sind im Kursbeitrag inkludiert!<\/p>\n\n\n\n<p>Die Unterbringung findet in Mehrbettzimmern statt. Bei gesundheitlichem oder anderweitig besonderem Bedarf k\u00f6nnen in begrenztem Umfang auch Einzelzimmer organisiert werden.&nbsp;<\/p>\n\n\n\n<p>We will provide full vegan catering and snacks during breaks.&nbsp;<\/p>\n\n\n\n<h3 class=\"wp-block-heading\" id=\"Barrieren\">Barriers<\/h3>\n\n\n\n<p>Du \u00fcberlegst, an der Impuls Akademie teilzunehmen und fragst dich, welche Barrieren dich erwarten? <br>Wir aktualisieren diese Infos laufend in den n\u00e4chsten Wochen in Absprache mit der Location und Unterst\u00fctzungsm\u00f6glichkeiten. Was wir schon wissen: <br><\/p>\n\n\n\n<details class=\"wp-block-details is-layout-flow wp-block-details-is-layout-flow\"><summary>Rollst\u00fchle<\/summary>\n<p>Der Seminar- und Essbereich ist mit Rollst\u00fchlen zug\u00e4nglich. F\u00fcr den Zugang zu den Zimmern (zum Schlafen) muss man einmal um das Haus herum fahren. Es ist ein rollstuhltaugliches WC vorhanden. Ein Parkplatz vor dem Haus ist vorhanden. Wenn du Unterst\u00fctzung bez\u00fcglich physischer Barrieren braucht, kontaktiere uns bitte rechtzeitig.<\/p>\n<\/details>\n\n\n\n<details class=\"wp-block-details is-layout-flow wp-block-details-is-layout-flow\"><summary>People with visual impairment<\/summary>\n<p>Die Location ist nicht mit keinem Leitsystem ausgestattet. Wir k\u00f6nnen allerdings ein Buddy-System organisieren, sodass ein:e andere:r Teilnehmer:in dich begleitet.<\/p>\n<\/details>\n\n\n\n<details class=\"wp-block-details is-layout-flow wp-block-details-is-layout-flow\"><summary>People with hearing impairment<\/summary>\n<p>There are no fixed inductive hearing loops.<br>Translation to sign language is not planned,<\/p>\n<\/details>\n\n\n\n<details class=\"wp-block-details is-layout-flow wp-block-details-is-layout-flow\"><summary>Personal assistance<\/summary>\n<p>Unfortunately, we cannot cover the working hours of personal assistants. However, we can cover travel and accommodation costs for them. Service animals are welcome.<\/p>\n<\/details>\n\n\n\n<details class=\"wp-block-details is-layout-flow wp-block-details-is-layout-flow\"><summary>Language<\/summary>\n<p>Die Arbeitssprache der Akademie ist Deutsch.<br><\/p>\n<\/details>\n\n\n\n<details class=\"wp-block-details is-layout-flow wp-block-details-is-layout-flow\"><summary>Childcare<\/summary>\n<p>During course hours, childcare will be available. You can bring children up to the age of 10. Please make sure to let us know in advance if you plan on bringing children!&nbsp;<\/p>\n<\/details>\n\n\n\n<details class=\"wp-block-details is-layout-flow wp-block-details-is-layout-flow\"><summary>Will alcohol be consumed during the event?<\/summary>\n<p>On some evenings, alcoholic beverages will be available for purchase. One evening will also feature a party. As courses are scheduled the next day, excessive alcohol consumption is not expected.<\/p>\n<\/details>\n\n\n\n<p><strong>Did we miss anything?<\/strong><\/p>\n\n\n\n<p>If you would like to participate in the Akademie but have access needs that we have not covered, feel free to email us, and we will see how we can work together to make your participation possible.<\/p>\n\n\n\n<h3 class=\"wp-block-heading\" id=\"Kosten\">Participation Fee<\/h3>\n\n\n\n<p>You\u2019d like to participate in our academy and are wondering about the costs? Here\u2019s a clear overview of our tiered participation fees, tailored to different needs and backgrounds. From activists and citizen initiatives to NGO employees, we have an option for everyone. If finances are tight right now, we also offer reduced fees and scholarships. Check out the details and find out what support is available. We don\u2019t want finances to be a barrier to your participation!<\/p>\n\n\n\n<ul class=\"wp-block-list\">\n<li>For <strong>unpaid activists<\/strong> of grassroots movements and citizen initiatives:<br>\u20ac 200 &#8211; 500 (nach Selbsteinsch\u00e4tzung)<\/li>\n\n\n\n<li>For <strong>employees of NGOs, trade unions<\/strong> and similar organizations\/institutions:<br>\u20ac 900 &#8211; 1200 (nach Selbsteinsch\u00e4tzung)<\/li>\n\n\n\n<li>For anyone who <strong>cannot afford the participation fee at the moment:<\/strong>:<br>\u20ac 100 &#8211; 200<\/li>\n<\/ul>\n\n\n\n<p>It is possible to pay in installements. Please contact us.<\/p>\n\n\n\n<p>We encourage everyone to discuss with their respective organizations whether the participation fee (or part of it) can be covered by the organization.<\/p>\n\n\n\n<p><strong>The fee includes the courses, course materials, accommodation, and meals.<\/strong><\/p>\n\n\n\n<p>We can reimburse travel costs in some cases, though the budget for this is limited. Our goal is to ensure that finances do not pose a barrier to participating in the Akademie.<\/p>","protected":false},"excerpt":{"rendered":"<p>Datum Sonntag 12. bis Freitag 17. April 2026.Bitte nehmt euch alle 6 Tage jeweils ganzen Tag Zeit. Die Akademie umfasst ein Ganztagesprogramm, das impliziert, dass alle Teilnehmenden von 12. bis 17. April vor Ort sind und die Woche gemeinsam verbringen. Die Anreise sollte am 12. vormittags erfolgen oder f\u00fcr alle mit weiterer Anfahrt schon am [&hellip;]<\/p>\n","protected":false},"author":2,"featured_media":0,"comment_status":"closed","ping_status":"open","sticky":false,"template":"","format":"standard","meta":{"_acf_changed":false,"footnotes":""},"categories":[1],"tags":[],"class_list":["post-951","post","type-post","status-publish","format-standard","hentry","category-uncategorized"],"acf":[],"_links":{"self":[{"href":"https:\/\/impuls-akademie.org\/en\/wp-json\/wp\/v2\/posts\/951","targetHints":{"allow":["GET"]}}],"collection":[{"href":"https:\/\/impuls-akademie.org\/en\/wp-json\/wp\/v2\/posts"}],"about":[{"href":"https:\/\/impuls-akademie.org\/en\/wp-json\/wp\/v2\/types\/post"}],"author":[{"embeddable":true,"href":"https:\/\/impuls-akademie.org\/en\/wp-json\/wp\/v2\/users\/2"}],"replies":[{"embeddable":true,"href":"https:\/\/impuls-akademie.org\/en\/wp-json\/wp\/v2\/comments?post=951"}],"version-history":[{"count":11,"href":"https:\/\/impuls-akademie.org\/en\/wp-json\/wp\/v2\/posts\/951\/revisions"}],"predecessor-version":[{"id":1143,"href":"https:\/\/impuls-akademie.org\/en\/wp-json\/wp\/v2\/posts\/951\/revisions\/1143"}],"wp:attachment":[{"href":"https:\/\/impuls-akademie.org\/en\/wp-json\/wp\/v2\/media?parent=951"}],"wp:term":[{"taxonomy":"category","embeddable":true,"href":"https:\/\/impuls-akademie.org\/en\/wp-json\/wp\/v2\/categories?post=951"},{"taxonomy":"post_tag","embeddable":true,"href":"https:\/\/impuls-akademie.org\/en\/wp-json\/wp\/v2\/tags?post=951"}],"curies":[{"name":"wp","href":"https:\/\/api.w.org\/{rel}","templated":true}]}}