{"id":56,"date":"2024-09-30T12:32:52","date_gmt":"2024-09-30T12:32:52","guid":{"rendered":"https:\/\/impuls-akademie.org\/?p=56"},"modified":"2025-12-12T20:22:40","modified_gmt":"2025-12-12T20:22:40","slug":"good-to-know2025","status":"publish","type":"post","link":"https:\/\/impuls-akademie.org\/en\/good-to-know2025\/","title":{"rendered":"Infos 2025"},"content":{"rendered":"<h3 class=\"wp-block-heading\">Date<\/h3>\n\n\n\n<p>Monday, 31. March - Sunday, 6. April 2025<\/p>\n\n\n\n<h3 class=\"wp-block-heading\">Location<\/h3>\n\n\n\n<p>The academy will take place at the Seminarhaus NaturSinne in Lower Austria.<\/p>\n\n\n\n<p>Das au\u00dfergew\u00f6hnliche Seminarhaus liegt auf einem der vielen Berge der landschaftlich wundersch\u00f6nen &#8220;Buckligen Welt&#8221; am \u00f6stlichen Rand der Alpen. Inmitten der Natur, werden wir die Location exklusiv f\u00fcr die Akademie zur Verf\u00fcgung haben. Der Ort zeichnet sich durch gro\u00dfe Gemeinschaftsfl\u00e4chen (u.a. eine Bibliothek mit Kamin), einen Naturbadeteich, sowie direkten Zugang zu Wald und Wiesen aus.<\/p>\n\n\n\n<p><strong>Address:<\/strong>: Seminarhaus NaturSinne, Kampichl 60, A-2871 Z\u00f6bern<\/p>\n\n\n\n<h3 class=\"wp-block-heading\">Getting There<\/h3>\n\n\n\n<p>Public transportation options are available from Vienna or Wiener Neustadt. There are two ways to get to us:<\/p>\n\n\n\n<ul class=\"wp-block-list\">\n<li>By train to Aspang Markt. From there, it\u2019s a 6 km, 10-minute taxi ride to the venue.<\/li>\n\n\n\n<li>Mit dem BUS (Linie 7860) nach &#8220;Krumbach Wei\u00dfes Kreuz&#8221;. Von da zu Fu\u00df 30 Minuten bis zu uns (am Eis-Greissler vorbei).<\/li>\n<\/ul>\n\n\n\n<p>We will organize a shuttle from Aspang Markt to the seminar house. More information will follow after registration<\/p>\n\n\n\n<p>We are unable to cover travel costs for all participants. If the cost of travel is a barrier for you, please contact us in advance.<\/p>\n\n\n\n<h3 class=\"wp-block-heading\">Accommodation and Meals<\/h3>\n\n\n\n<p>Accommodation and meals are included in the course fee!<\/p>\n\n\n\n<p>Participants will stay in shared rooms (double or multi-bed). If you have health concerns or specific needs, single rooms can be arranged upon request.&nbsp;<\/p>\n\n\n\n<p>We will provide full vegan catering and snacks during breaks.&nbsp;<\/p>\n\n\n\n<h3 class=\"wp-block-heading\" id=\"Barrieren\">Barriers<\/h3>\n\n\n\n<p>You\u2019re planning to participate in the Impuls Akademie and wondering how accessible it is? Here, you\u2019ll find infirmation about physical barriers, language options, and available support services.<\/p>\n\n\n\n<details class=\"wp-block-details is-layout-flow wp-block-details-is-layout-flow\"><summary>Physical barriers<\/summary>\n<p>There is an elevator from the garden floor to the second floor of the main building, which is accessible by wheelchair.<br>There are no stairs or steps on the floors themselves. The doors are wide enough for wheelchairs.\nThe restrooms are not wheelchair accessible (no grab bars or wheelchair-friendly seat and sink heights).<br><br>There are small garden paths, but the main path in the garden is paved and easily accessible by wheelchair or walker. The path to the pond is steep and should be avoided by wheelchair users and people with mobility restrictions.<\/p>\n<\/details>\n\n\n\n<details class=\"wp-block-details is-layout-flow wp-block-details-is-layout-flow\"><summary>People with visual impairment<\/summary>\n<p>The location does not have a guiding system. However, we can organize a buddy system, where another participant will accompany you.<\/p>\n<\/details>\n\n\n\n<details class=\"wp-block-details is-layout-flow wp-block-details-is-layout-flow\"><summary>People with hearing impairment<\/summary>\n<p>There are no fixed inductive hearing loops.<br>Translation to sign language is not planned,<\/p>\n<\/details>\n\n\n\n<details class=\"wp-block-details is-layout-flow wp-block-details-is-layout-flow\"><summary>Personal assistance<\/summary>\n<p>Unfortunately, we cannot cover the working hours of personal assistants. However, we can cover travel and accommodation costs for them. Service animals are welcome.<\/p>\n<\/details>\n\n\n\n<details class=\"wp-block-details is-layout-flow wp-block-details-is-layout-flow\"><summary>Language<\/summary>\n<p>The working language of the Akademie is German. One course will be held (partially) in English. Currently, no translation or sign language interpretation will be provided.<br><\/p>\n<\/details>\n\n\n\n<details class=\"wp-block-details is-layout-flow wp-block-details-is-layout-flow\"><summary>Childcare<\/summary>\n<p>During course hours, childcare will be available. You can bring children up to the age of 10. Please make sure to let us know in advance if you plan on bringing children!&nbsp;<\/p>\n<\/details>\n\n\n\n<details class=\"wp-block-details is-layout-flow wp-block-details-is-layout-flow\"><summary>Will alcohol be consumed during the event?<\/summary>\n<p>On some evenings, alcoholic beverages will be available for purchase. One evening will also feature a party. As courses are scheduled the next day, excessive alcohol consumption is not expected.<\/p>\n<\/details>\n\n\n\n<p><strong>Did we miss anything?<\/strong><\/p>\n\n\n\n<p>If you would like to participate in the Akademie but have access needs that we have not covered, feel free to email us, and we will see how we can work together to make your participation possible.<\/p>\n\n\n\n<h3 class=\"wp-block-heading\" id=\"Kosten\">Participation Fee<\/h3>\n\n\n\n<p>You\u2019d like to participate in our academy and are wondering about the costs? Here\u2019s a clear overview of our tiered participation fees, tailored to different needs and backgrounds. From activists and citizen initiatives to NGO employees, we have an option for everyone. If finances are tight right now, we also offer reduced fees and scholarships. Check out the details and find out what support is available. We don\u2019t want finances to be a barrier to your participation!<\/p>\n\n\n\n<ul class=\"wp-block-list\">\n<li>For <strong>unpaid activists<\/strong> of grassroots movements and citizen initiatives:<br>\u20ac 200 &#8211; 500 (nach Selbsteinsch\u00e4tzung)<\/li>\n\n\n\n<li>For <strong>employees of NGOs, trade unions<\/strong> and similar organizations\/institutions:<br>\u20ac 900 &#8211; 1400 (nach Selbsteinsch\u00e4tzung)<\/li>\n\n\n\n<li>For anyone who <strong>cannot afford the participation fee at the moment:<\/strong>:<br>\u20ac 100 &#8211; 200<\/li>\n<\/ul>\n\n\n\n<p>It is possible to pay in installements. Please contact us.<\/p>\n\n\n\n<p>We encourage everyone to discuss with their respective organizations whether the participation fee (or part of it) can be covered by the organization.<\/p>\n\n\n\n<p><strong>The fee includes the courses, course materials, accommodation, and meals.<\/strong><\/p>\n\n\n\n<p>We can reimburse travel costs in some cases, though the budget for this is limited. Our goal is to ensure that finances do not pose a barrier to participating in the Akademie.<\/p>","protected":false},"excerpt":{"rendered":"<p>Datum Montag, 31. M\u00e4rz bis Sonntag, 6. April 2025 Location Die Akademie findet in den R\u00e4umlichkeiten des Seminarhauses NaturSinne in Nieder\u00f6sterreich statt. Das au\u00dfergew\u00f6hnliche Seminarhaus liegt auf einem der vielen Berge der landschaftlich wundersch\u00f6nen &#8220;Buckligen Welt&#8221; am \u00f6stlichen Rand der Alpen. Inmitten der Natur, werden wir die Location exklusiv f\u00fcr die Akademie zur Verf\u00fcgung haben. [&hellip;]<\/p>\n","protected":false},"author":1,"featured_media":0,"comment_status":"closed","ping_status":"open","sticky":false,"template":"","format":"standard","meta":{"_acf_changed":false,"footnotes":""},"categories":[1],"tags":[],"class_list":["post-56","post","type-post","status-publish","format-standard","hentry","category-uncategorized"],"acf":[],"_links":{"self":[{"href":"https:\/\/impuls-akademie.org\/en\/wp-json\/wp\/v2\/posts\/56","targetHints":{"allow":["GET"]}}],"collection":[{"href":"https:\/\/impuls-akademie.org\/en\/wp-json\/wp\/v2\/posts"}],"about":[{"href":"https:\/\/impuls-akademie.org\/en\/wp-json\/wp\/v2\/types\/post"}],"author":[{"embeddable":true,"href":"https:\/\/impuls-akademie.org\/en\/wp-json\/wp\/v2\/users\/1"}],"replies":[{"embeddable":true,"href":"https:\/\/impuls-akademie.org\/en\/wp-json\/wp\/v2\/comments?post=56"}],"version-history":[{"count":21,"href":"https:\/\/impuls-akademie.org\/en\/wp-json\/wp\/v2\/posts\/56\/revisions"}],"predecessor-version":[{"id":894,"href":"https:\/\/impuls-akademie.org\/en\/wp-json\/wp\/v2\/posts\/56\/revisions\/894"}],"wp:attachment":[{"href":"https:\/\/impuls-akademie.org\/en\/wp-json\/wp\/v2\/media?parent=56"}],"wp:term":[{"taxonomy":"category","embeddable":true,"href":"https:\/\/impuls-akademie.org\/en\/wp-json\/wp\/v2\/categories?post=56"},{"taxonomy":"post_tag","embeddable":true,"href":"https:\/\/impuls-akademie.org\/en\/wp-json\/wp\/v2\/tags?post=56"}],"curies":[{"name":"wp","href":"https:\/\/api.w.org\/{rel}","templated":true}]}}